{"id":1501,"date":"2013-05-08T12:17:42","date_gmt":"2013-05-08T10:17:42","guid":{"rendered":"https:\/\/www.lemandolare.it\/?p=1501"},"modified":"2013-07-11T19:06:41","modified_gmt":"2013-07-11T17:06:41","slug":"cantine-in-festa-sui-colli-berici-per-il-giro-ditalia","status":"publish","type":"post","link":"https:\/\/www.lemandolare.it\/?p=1501","title":{"rendered":"Cantine in festa sui Colli Berici per il Giro d&#8217;Italia"},"content":{"rendered":"<p>See on <a style=\"font-weight: bold; font-size: 18px;\" href=\"http:\/\/www.scoop.it\/t\/agriturismolemandolare\/p\/4001223122\/cantine-in-festa-sui-colli-berici-per-il-giro-d-italia\">Scoop.it<\/a> &#8211; <a href=\"http:\/\/www.scoop.it\/t\/agriturismolemandolare\">Novit\u00e0 ed eventi dall&#8217;Agriturismo Le Mandolare, dall&#8217;area Berica e dal Veneto<\/a><\/p>\n<p style=\"text-align: center;\"><img loading=\"lazy\" decoding=\"async\" class=\"aligncenter\" title=\"La tappa a Vicenza\" src=\"http:\/\/1.citynews-vicenzatoday.stgy.it\/~media\/originale\/1344591307442\/percorso-giro-2.jpg\" alt=\"\" width=\"942\" height=\"640\" \/><\/p>\n<p style=\"text-align: justify;\">Mercoled\u00ec 22 maggio il Giro d&#8217;Italia far\u00e0 tappa a Vicenza dopo aver abbracciato, nella parte finale del tracciato, buona parte dei Colli Berici. Gli occhi delle telecamere di tutto il mondo saranno puntate sulle strade e sui vigneti che ricoprono le colline a sud della citt\u00e0 di Vicenza. Un evento che\u00a0sei cantine e una distilleria, con il coordinamento del\u00a0Consorzio di Tutela vini Colli Berici e Vicenza, si preparano a celebrare gi\u00e0\u00a0sabato 18 e domenica 19 maggio\u00a0spalancando le loro porte ai visitatori per degustazioni e percorsi di visita.<\/p>\n<p style=\"text-align: justify;\">I pi\u00f9 interessanti saranno sicuramente i ciclisti dilettanti che vorranno provare in anteprima il percorso della tappa vicentina. Tra una pedalata e l\u2019altra si potranno degustare i vini in abbinamento ai prodotti tipici del territorio. Una splendida occasione, per gli sportivi e le loro famiglie, di fare una gita fuori porta e scoprire i tesori dei\u00a0Colli Berici.<\/p>\n<p style=\"text-align: justify;\">\n<p style=\"text-align: justify;\">\n<p style=\"text-align: justify;\">\n<p style=\"text-align: center;\">\n","protected":false},"excerpt":{"rendered":"<p>See on Scoop.it &#8211; Novit\u00e0 ed eventi dall&#8217;Agriturismo Le Mandolare, dall&#8217;area Berica e dal Veneto Mercoled\u00ec 22 maggio il Giro d&#8217;Italia far\u00e0 tappa a Vicenza dopo aver abbracciato, nella parte finale del tracciato, buona parte dei Colli Berici. Gli occhi &hellip; <a href=\"https:\/\/www.lemandolare.it\/?p=1501\">Continua a leggere<span class=\"meta-nav\">&rarr;<\/span><\/a><\/p>\n","protected":false},"author":1,"featured_media":0,"comment_status":"open","ping_status":"open","sticky":false,"template":"","format":"standard","meta":{"footnotes":""},"categories":[133,1,165],"tags":[3,130,40],"class_list":["post-1501","post","type-post","status-publish","format-standard","hentry","category-cantina","category-news","category-vicenza","tag-colli-berici","tag-giro-ditalia-2013","tag-vicenza"],"_links":{"self":[{"href":"https:\/\/www.lemandolare.it\/index.php?rest_route=\/wp\/v2\/posts\/1501","targetHints":{"allow":["GET"]}}],"collection":[{"href":"https:\/\/www.lemandolare.it\/index.php?rest_route=\/wp\/v2\/posts"}],"about":[{"href":"https:\/\/www.lemandolare.it\/index.php?rest_route=\/wp\/v2\/types\/post"}],"author":[{"embeddable":true,"href":"https:\/\/www.lemandolare.it\/index.php?rest_route=\/wp\/v2\/users\/1"}],"replies":[{"embeddable":true,"href":"https:\/\/www.lemandolare.it\/index.php?rest_route=%2Fwp%2Fv2%2Fcomments&post=1501"}],"version-history":[{"count":4,"href":"https:\/\/www.lemandolare.it\/index.php?rest_route=\/wp\/v2\/posts\/1501\/revisions"}],"predecessor-version":[{"id":1502,"href":"https:\/\/www.lemandolare.it\/index.php?rest_route=\/wp\/v2\/posts\/1501\/revisions\/1502"}],"wp:attachment":[{"href":"https:\/\/www.lemandolare.it\/index.php?rest_route=%2Fwp%2Fv2%2Fmedia&parent=1501"}],"wp:term":[{"taxonomy":"category","embeddable":true,"href":"https:\/\/www.lemandolare.it\/index.php?rest_route=%2Fwp%2Fv2%2Fcategories&post=1501"},{"taxonomy":"post_tag","embeddable":true,"href":"https:\/\/www.lemandolare.it\/index.php?rest_route=%2Fwp%2Fv2%2Ftags&post=1501"}],"curies":[{"name":"wp","href":"https:\/\/api.w.org\/{rel}","templated":true}]}}