{"id":1244,"date":"2012-11-29T18:53:29","date_gmt":"2012-11-29T16:53:29","guid":{"rendered":"https:\/\/www.lemandolare.it\/?p=1244"},"modified":"2012-11-29T18:56:40","modified_gmt":"2012-11-29T16:56:40","slug":"lungo-la-ciclabile-riviera-berica","status":"publish","type":"post","link":"https:\/\/www.lemandolare.it\/?p=1244&amp;lang=fr","title":{"rendered":"La piste cyclable le long de la Riviera Berica"},"content":{"rendered":"<p style=\"text-align: justify;\">Le mois dernier \u00e9tait officiellement le guide &#8220;Le long de la Riviera du cycle Berica\u00bb, avec le sous-titre \u00abHistoire, Art, Paysages,&#8221; dans le &#8220;Hall of stucco\u00bb Trissino Palazzo \u00e0 Vicenza.<\/p>\n<p style=\"text-align: justify;\">Le guide est imprim\u00e9 sur du papier glac\u00e9, A5 \u00e0 des albums et pr\u00e8s de 200 pages, est complet avec cartes, photos et dispose de 11 variantes au trac\u00e9 de la voie, mais ajoute \u00e9galement des informations utiles sur les nombreux tr\u00e9sors cach\u00e9s que la zone contient Berica, adresses avec le message des producteurs, des traiteurs, des institutions, des \u00e9v\u00e9nements, seront distribu\u00e9s aux participants les magasins, les librairies et kiosques \u00e0 journaux dans le Berica C\u00f4te d&#8217;Azur, au prix de 15 \u20ac.<\/p>\n<p style=\"text-align: justify;\">Pour plus d&#8217;informations, visitez le site <a href=\"http:\/\/www.rivieraberica.net\/\"> Riviera Berica.net <!-- a--><\/a><a href=\"https:\/\/www.lemandolare.it\/wp-content\/uploads\/2012\/11\/10_47_gdv_f1_1027_a_resize_253.jpg\"><img loading=\"lazy\" decoding=\"async\" class=\"alignright size-thumbnail wp-image-1246\" title=\"10_47_gdv_f1_1027_a_resize_253\" src=\"https:\/\/www.lemandolare.it\/wp-content\/uploads\/2012\/11\/10_47_gdv_f1_1027_a_resize_253-150x150.jpg\" alt=\"\" width=\"150\" height=\"150\" \/><\/a><\/p>\n","protected":false},"excerpt":{"rendered":"<p>Le mois dernier \u00e9tait officiellement le guide &#8220;Le long de la Riviera du cycle Berica\u00bb, avec le sous-titre \u00abHistoire, Art, Paysages,&#8221; dans le &#8220;Hall of stucco\u00bb Trissino Palazzo \u00e0 Vicenza. Le guide est imprim\u00e9 sur du papier glac\u00e9, A5 \u00e0 &hellip; <a href=\"https:\/\/www.lemandolare.it\/?p=1244&amp;lang=fr\">Continuer la lecture <span class=\"meta-nav\">&rarr;<\/span><\/a><\/p>\n","protected":false},"author":1,"featured_media":1246,"comment_status":"open","ping_status":"open","sticky":false,"template":"","format":"standard","meta":{"footnotes":""},"categories":[93,95,1,94],"tags":[3,96,158],"class_list":["post-1244","post","type-post","status-publish","format-standard","has-post-thumbnail","hentry","category-ciclabile-riviera-berica","category-guida-area-berica","category-news","category-pista-ciclabile-riviera-berica","tag-colli-berici","tag-lungo-la-ciclabile-riviera-berica","tag-news"],"_links":{"self":[{"href":"https:\/\/www.lemandolare.it\/index.php?rest_route=\/wp\/v2\/posts\/1244","targetHints":{"allow":["GET"]}}],"collection":[{"href":"https:\/\/www.lemandolare.it\/index.php?rest_route=\/wp\/v2\/posts"}],"about":[{"href":"https:\/\/www.lemandolare.it\/index.php?rest_route=\/wp\/v2\/types\/post"}],"author":[{"embeddable":true,"href":"https:\/\/www.lemandolare.it\/index.php?rest_route=\/wp\/v2\/users\/1"}],"replies":[{"embeddable":true,"href":"https:\/\/www.lemandolare.it\/index.php?rest_route=%2Fwp%2Fv2%2Fcomments&post=1244"}],"version-history":[{"count":8,"href":"https:\/\/www.lemandolare.it\/index.php?rest_route=\/wp\/v2\/posts\/1244\/revisions"}],"predecessor-version":[{"id":1253,"href":"https:\/\/www.lemandolare.it\/index.php?rest_route=\/wp\/v2\/posts\/1244\/revisions\/1253"}],"wp:featuredmedia":[{"embeddable":true,"href":"https:\/\/www.lemandolare.it\/index.php?rest_route=\/wp\/v2\/media\/1246"}],"wp:attachment":[{"href":"https:\/\/www.lemandolare.it\/index.php?rest_route=%2Fwp%2Fv2%2Fmedia&parent=1244"}],"wp:term":[{"taxonomy":"category","embeddable":true,"href":"https:\/\/www.lemandolare.it\/index.php?rest_route=%2Fwp%2Fv2%2Fcategories&post=1244"},{"taxonomy":"post_tag","embeddable":true,"href":"https:\/\/www.lemandolare.it\/index.php?rest_route=%2Fwp%2Fv2%2Ftags&post=1244"}],"curies":[{"name":"wp","href":"https:\/\/api.w.org\/{rel}","templated":true}]}}